{"id":570,"date":"2025-06-07T12:39:50","date_gmt":"2025-06-07T10:39:50","guid":{"rendered":"https:\/\/www.handitalents.com\/?p=570"},"modified":"2025-10-03T15:54:30","modified_gmt":"2025-10-03T13:54:30","slug":"launch-of-the-1st-edition-of-the-national-forum-for-the-promotion-of-crafts-and-entrepreneurship-of-people-with-disabilities","status":"publish","type":"post","link":"https:\/\/www.handitalents.com\/fr\/launch-of-the-1st-edition-of-the-national-forum-for-the-promotion-of-crafts-and-entrepreneurship-of-people-with-disabilities\/","title":{"rendered":"Launch of the 1st edition of the National Forum for the Promotion of Crafts and Entrepreneurship of People with Disabilities"},"content":{"rendered":"<p>Under the supervision of the Minister of Social Affairs and the Minister of Tourism and Traditional Industries, the International Center for the Advancement of Persons with Disabilities in Gammarth hosted the National Forum for the Promotion of Traditional Crafts and Entrepreneurship for Persons with Disabilities on Wednesday, April 16, 2025, in partnership with:<br \/>\n???? The National Office for Traditional Crafts<br \/>\n???? The International Center for the Advancement of Persons with Disabilities<br \/>\nAnd with the support of:<br \/>\n???? Commercial Bank of Tunisia<br \/>\n???? Tunisian University of Hotels<br \/>\n???????? Tunisian-French Chamber of Commerce<br \/>\n???????? Tunisian-Italian Chamber of Commerce<br \/>\n???????? Tunisian-Swiss Chamber of Commerce<\/p>\n<p>This forum aims to:<br \/>\n\u2714Highlight the skills of artisans with disabilities and promote their unique creations.<br \/>\n\u2714Encourage responsible purchasing practices by integrating artisanal products into the supply chains of institutions.<br \/>\n\u2714Provide a practical alternative for institutions benefiting from employment inspection exemptions, allowing them to comply with their legal obligations by supporting handicrafts ????instead of direct employment????.<br \/>\n\u2714Explore financing and support mechanisms to promote entrepreneurship in this sector.<\/p>\n<p>The forum was attended by more than 70 artisans with disabilities, in addition to specialized rehabilitation centers. The launch of the Handiartisan.com platform was also announced, enabling professional buyers to place their orders directly on site.<br \/>\nA future meeting was also announced, reflecting the joint efforts of the National Office for Traditional Crafts and Handisuccess to support artisans with special needs at the 41st Traditional Crafts Innovation Fair, scheduled to be held from May 23 to June 1, 2025, at the Exhibition Palace in El Karm.<\/p>","protected":false},"excerpt":{"rendered":"<p>Under the supervision of the Minister of Social Affairs and the Minister of Tourism and Traditional Industries, the International Center for the Advancement of Persons with Disabilities in Gammarth hosted the National Forum for the Promotion of Traditional Crafts and Entrepreneurship for Persons with Disabilities on Wednesday, April 16, 2025, in partnership with: ???? The&#8230;<\/p>","protected":false},"author":1,"featured_media":494,"comment_status":"open","ping_status":"open","sticky":false,"template":"","format":"standard","meta":{"footnotes":""},"categories":[17],"tags":[],"class_list":["post-570","post","type-post","status-publish","format-standard","has-post-thumbnail","hentry","category-news"],"yoast_head":"<!-- This site is optimized with the Yoast SEO plugin v27.2 - https:\/\/yoast.com\/product\/yoast-seo-wordpress\/ -->\n<title>Launch of the 1st edition of the National Forum for the Promotion of Crafts and Entrepreneurship of People with Disabilities - HandiTalent<\/title>\n<meta name=\"robots\" content=\"index, follow, max-snippet:-1, max-image-preview:large, max-video-preview:-1\" \/>\n<link rel=\"canonical\" href=\"https:\/\/www.handitalents.com\/fr\/launch-of-the-1st-edition-of-the-national-forum-for-the-promotion-of-crafts-and-entrepreneurship-of-people-with-disabilities\/\" \/>\n<meta property=\"og:locale\" content=\"fr_FR\" \/>\n<meta property=\"og:type\" content=\"article\" \/>\n<meta property=\"og:title\" content=\"Launch of the 1st edition of the National Forum for the Promotion of Crafts and Entrepreneurship of People with Disabilities - HandiTalent\" \/>\n<meta property=\"og:description\" content=\"Under the supervision of the Minister of Social Affairs and the Minister of Tourism and Traditional Industries, the International Center for the Advancement of Persons with Disabilities in Gammarth hosted the National Forum for the Promotion of Traditional Crafts and Entrepreneurship for Persons with Disabilities on Wednesday, April 16, 2025, in partnership with: ???? The...\" \/>\n<meta property=\"og:url\" content=\"https:\/\/www.handitalents.com\/fr\/launch-of-the-1st-edition-of-the-national-forum-for-the-promotion-of-crafts-and-entrepreneurship-of-people-with-disabilities\/\" \/>\n<meta property=\"og:site_name\" content=\"HandiTalent\" \/>\n<meta property=\"article:published_time\" content=\"2025-06-07T10:39:50+00:00\" \/>\n<meta property=\"article:modified_time\" content=\"2025-10-03T13:54:30+00:00\" \/>\n<meta property=\"og:image\" content=\"https:\/\/www.handitalents.com\/wp-content\/uploads\/2025\/10\/489926862_122176814756288856_7971056651109438868_n-1-1536x1024-1.jpg\" \/>\n\t<meta property=\"og:image:width\" content=\"1536\" \/>\n\t<meta property=\"og:image:height\" content=\"1024\" \/>\n\t<meta property=\"og:image:type\" content=\"image\/jpeg\" \/>\n<meta name=\"author\" content=\"admin\" \/>\n<meta name=\"twitter:card\" content=\"summary_large_image\" \/>\n<meta name=\"twitter:label1\" content=\"\u00c9crit par\" \/>\n\t<meta name=\"twitter:data1\" content=\"admin\" \/>\n\t<meta name=\"twitter:label2\" content=\"Dur\u00e9e de lecture estim\u00e9e\" \/>\n\t<meta name=\"twitter:data2\" content=\"1 minute\" \/>\n<script type=\"application\/ld+json\" class=\"yoast-schema-graph\">{\"@context\":\"https:\/\/schema.org\",\"@graph\":[{\"@type\":\"Article\",\"@id\":\"https:\/\/www.handitalents.com\/launch-of-the-1st-edition-of-the-national-forum-for-the-promotion-of-crafts-and-entrepreneurship-of-people-with-disabilities\/#article\",\"isPartOf\":{\"@id\":\"https:\/\/www.handitalents.com\/launch-of-the-1st-edition-of-the-national-forum-for-the-promotion-of-crafts-and-entrepreneurship-of-people-with-disabilities\/\"},\"author\":{\"name\":\"admin\",\"@id\":\"https:\/\/www.handitalents.com\/#\/schema\/person\/efee422ae19c87d351898c361cb44221\"},\"headline\":\"Launch of the 1st edition of the National Forum for the Promotion of Crafts and Entrepreneurship of People with Disabilities\",\"datePublished\":\"2025-06-07T10:39:50+00:00\",\"dateModified\":\"2025-10-03T13:54:30+00:00\",\"mainEntityOfPage\":{\"@id\":\"https:\/\/www.handitalents.com\/launch-of-the-1st-edition-of-the-national-forum-for-the-promotion-of-crafts-and-entrepreneurship-of-people-with-disabilities\/\"},\"wordCount\":262,\"commentCount\":0,\"publisher\":{\"@id\":\"https:\/\/www.handitalents.com\/#organization\"},\"image\":{\"@id\":\"https:\/\/www.handitalents.com\/launch-of-the-1st-edition-of-the-national-forum-for-the-promotion-of-crafts-and-entrepreneurship-of-people-with-disabilities\/#primaryimage\"},\"thumbnailUrl\":\"https:\/\/www.handitalents.com\/wp-content\/uploads\/2025\/10\/489926862_122176814756288856_7971056651109438868_n-1-1536x1024-1.jpg\",\"articleSection\":[\"News\"],\"inLanguage\":\"fr-FR\",\"potentialAction\":[{\"@type\":\"CommentAction\",\"name\":\"Comment\",\"target\":[\"https:\/\/www.handitalents.com\/launch-of-the-1st-edition-of-the-national-forum-for-the-promotion-of-crafts-and-entrepreneurship-of-people-with-disabilities\/#respond\"]}]},{\"@type\":\"WebPage\",\"@id\":\"https:\/\/www.handitalents.com\/launch-of-the-1st-edition-of-the-national-forum-for-the-promotion-of-crafts-and-entrepreneurship-of-people-with-disabilities\/\",\"url\":\"https:\/\/www.handitalents.com\/launch-of-the-1st-edition-of-the-national-forum-for-the-promotion-of-crafts-and-entrepreneurship-of-people-with-disabilities\/\",\"name\":\"Launch of the 1st edition of the National Forum for the Promotion of Crafts and Entrepreneurship of People with Disabilities - HandiTalent\",\"isPartOf\":{\"@id\":\"https:\/\/www.handitalents.com\/#website\"},\"primaryImageOfPage\":{\"@id\":\"https:\/\/www.handitalents.com\/launch-of-the-1st-edition-of-the-national-forum-for-the-promotion-of-crafts-and-entrepreneurship-of-people-with-disabilities\/#primaryimage\"},\"image\":{\"@id\":\"https:\/\/www.handitalents.com\/launch-of-the-1st-edition-of-the-national-forum-for-the-promotion-of-crafts-and-entrepreneurship-of-people-with-disabilities\/#primaryimage\"},\"thumbnailUrl\":\"https:\/\/www.handitalents.com\/wp-content\/uploads\/2025\/10\/489926862_122176814756288856_7971056651109438868_n-1-1536x1024-1.jpg\",\"datePublished\":\"2025-06-07T10:39:50+00:00\",\"dateModified\":\"2025-10-03T13:54:30+00:00\",\"breadcrumb\":{\"@id\":\"https:\/\/www.handitalents.com\/launch-of-the-1st-edition-of-the-national-forum-for-the-promotion-of-crafts-and-entrepreneurship-of-people-with-disabilities\/#breadcrumb\"},\"inLanguage\":\"fr-FR\",\"potentialAction\":[{\"@type\":\"ReadAction\",\"target\":[\"https:\/\/www.handitalents.com\/launch-of-the-1st-edition-of-the-national-forum-for-the-promotion-of-crafts-and-entrepreneurship-of-people-with-disabilities\/\"]}]},{\"@type\":\"ImageObject\",\"inLanguage\":\"fr-FR\",\"@id\":\"https:\/\/www.handitalents.com\/launch-of-the-1st-edition-of-the-national-forum-for-the-promotion-of-crafts-and-entrepreneurship-of-people-with-disabilities\/#primaryimage\",\"url\":\"https:\/\/www.handitalents.com\/wp-content\/uploads\/2025\/10\/489926862_122176814756288856_7971056651109438868_n-1-1536x1024-1.jpg\",\"contentUrl\":\"https:\/\/www.handitalents.com\/wp-content\/uploads\/2025\/10\/489926862_122176814756288856_7971056651109438868_n-1-1536x1024-1.jpg\",\"width\":1536,\"height\":1024},{\"@type\":\"BreadcrumbList\",\"@id\":\"https:\/\/www.handitalents.com\/launch-of-the-1st-edition-of-the-national-forum-for-the-promotion-of-crafts-and-entrepreneurship-of-people-with-disabilities\/#breadcrumb\",\"itemListElement\":[{\"@type\":\"ListItem\",\"position\":1,\"name\":\"Home\",\"item\":\"https:\/\/www.handitalents.com\/\"},{\"@type\":\"ListItem\",\"position\":2,\"name\":\"Launch of the 1st edition of the National Forum for the Promotion of Crafts and Entrepreneurship of People with Disabilities\"}]},{\"@type\":\"WebSite\",\"@id\":\"https:\/\/www.handitalents.com\/#website\",\"url\":\"https:\/\/www.handitalents.com\/\",\"name\":\"HandiTalent\",\"description\":\"\",\"publisher\":{\"@id\":\"https:\/\/www.handitalents.com\/#organization\"},\"potentialAction\":[{\"@type\":\"SearchAction\",\"target\":{\"@type\":\"EntryPoint\",\"urlTemplate\":\"https:\/\/www.handitalents.com\/?s={search_term_string}\"},\"query-input\":{\"@type\":\"PropertyValueSpecification\",\"valueRequired\":true,\"valueName\":\"search_term_string\"}}],\"inLanguage\":\"fr-FR\"},{\"@type\":\"Organization\",\"@id\":\"https:\/\/www.handitalents.com\/#organization\",\"name\":\"HandiTalent\",\"url\":\"https:\/\/www.handitalents.com\/\",\"logo\":{\"@type\":\"ImageObject\",\"inLanguage\":\"fr-FR\",\"@id\":\"https:\/\/www.handitalents.com\/#\/schema\/logo\/image\/\",\"url\":\"https:\/\/www.handitalents.com\/wp-content\/uploads\/2026\/02\/cropped-cropped-handitalents-scaled-1-1.png\",\"contentUrl\":\"https:\/\/www.handitalents.com\/wp-content\/uploads\/2026\/02\/cropped-cropped-handitalents-scaled-1-1.png\",\"width\":512,\"height\":287,\"caption\":\"HandiTalent\"},\"image\":{\"@id\":\"https:\/\/www.handitalents.com\/#\/schema\/logo\/image\/\"}},{\"@type\":\"Person\",\"@id\":\"https:\/\/www.handitalents.com\/#\/schema\/person\/efee422ae19c87d351898c361cb44221\",\"name\":\"admin\",\"image\":{\"@type\":\"ImageObject\",\"inLanguage\":\"fr-FR\",\"@id\":\"https:\/\/secure.gravatar.com\/avatar\/ae5d135a83d7bc2d9ad172107a72af2318ae12ad949141c89966fbb4f1e00eef?s=96&d=mm&r=g\",\"url\":\"https:\/\/secure.gravatar.com\/avatar\/ae5d135a83d7bc2d9ad172107a72af2318ae12ad949141c89966fbb4f1e00eef?s=96&d=mm&r=g\",\"contentUrl\":\"https:\/\/secure.gravatar.com\/avatar\/ae5d135a83d7bc2d9ad172107a72af2318ae12ad949141c89966fbb4f1e00eef?s=96&d=mm&r=g\",\"caption\":\"admin\"},\"sameAs\":[\"https:\/\/www.handitalents.com\"],\"url\":\"https:\/\/www.handitalents.com\/fr\/author\/admin\/\"}]}<\/script>\n<!-- \/ Yoast SEO plugin. -->","yoast_head_json":{"title":"Launch of the 1st edition of the National Forum for the Promotion of Crafts and Entrepreneurship of People with Disabilities - HandiTalent","robots":{"index":"index","follow":"follow","max-snippet":"max-snippet:-1","max-image-preview":"max-image-preview:large","max-video-preview":"max-video-preview:-1"},"canonical":"https:\/\/www.handitalents.com\/fr\/launch-of-the-1st-edition-of-the-national-forum-for-the-promotion-of-crafts-and-entrepreneurship-of-people-with-disabilities\/","og_locale":"fr_FR","og_type":"article","og_title":"Launch of the 1st edition of the National Forum for the Promotion of Crafts and Entrepreneurship of People with Disabilities - HandiTalent","og_description":"Under the supervision of the Minister of Social Affairs and the Minister of Tourism and Traditional Industries, the International Center for the Advancement of Persons with Disabilities in Gammarth hosted the National Forum for the Promotion of Traditional Crafts and Entrepreneurship for Persons with Disabilities on Wednesday, April 16, 2025, in partnership with: ???? The...","og_url":"https:\/\/www.handitalents.com\/fr\/launch-of-the-1st-edition-of-the-national-forum-for-the-promotion-of-crafts-and-entrepreneurship-of-people-with-disabilities\/","og_site_name":"HandiTalent","article_published_time":"2025-06-07T10:39:50+00:00","article_modified_time":"2025-10-03T13:54:30+00:00","og_image":[{"width":1536,"height":1024,"url":"https:\/\/www.handitalents.com\/wp-content\/uploads\/2025\/10\/489926862_122176814756288856_7971056651109438868_n-1-1536x1024-1.jpg","type":"image\/jpeg"}],"author":"admin","twitter_card":"summary_large_image","twitter_misc":{"\u00c9crit par":"admin","Dur\u00e9e de lecture estim\u00e9e":"1 minute"},"schema":{"@context":"https:\/\/schema.org","@graph":[{"@type":"Article","@id":"https:\/\/www.handitalents.com\/launch-of-the-1st-edition-of-the-national-forum-for-the-promotion-of-crafts-and-entrepreneurship-of-people-with-disabilities\/#article","isPartOf":{"@id":"https:\/\/www.handitalents.com\/launch-of-the-1st-edition-of-the-national-forum-for-the-promotion-of-crafts-and-entrepreneurship-of-people-with-disabilities\/"},"author":{"name":"admin","@id":"https:\/\/www.handitalents.com\/#\/schema\/person\/efee422ae19c87d351898c361cb44221"},"headline":"Launch of the 1st edition of the National Forum for the Promotion of Crafts and Entrepreneurship of People with Disabilities","datePublished":"2025-06-07T10:39:50+00:00","dateModified":"2025-10-03T13:54:30+00:00","mainEntityOfPage":{"@id":"https:\/\/www.handitalents.com\/launch-of-the-1st-edition-of-the-national-forum-for-the-promotion-of-crafts-and-entrepreneurship-of-people-with-disabilities\/"},"wordCount":262,"commentCount":0,"publisher":{"@id":"https:\/\/www.handitalents.com\/#organization"},"image":{"@id":"https:\/\/www.handitalents.com\/launch-of-the-1st-edition-of-the-national-forum-for-the-promotion-of-crafts-and-entrepreneurship-of-people-with-disabilities\/#primaryimage"},"thumbnailUrl":"https:\/\/www.handitalents.com\/wp-content\/uploads\/2025\/10\/489926862_122176814756288856_7971056651109438868_n-1-1536x1024-1.jpg","articleSection":["News"],"inLanguage":"fr-FR","potentialAction":[{"@type":"CommentAction","name":"Comment","target":["https:\/\/www.handitalents.com\/launch-of-the-1st-edition-of-the-national-forum-for-the-promotion-of-crafts-and-entrepreneurship-of-people-with-disabilities\/#respond"]}]},{"@type":"WebPage","@id":"https:\/\/www.handitalents.com\/launch-of-the-1st-edition-of-the-national-forum-for-the-promotion-of-crafts-and-entrepreneurship-of-people-with-disabilities\/","url":"https:\/\/www.handitalents.com\/launch-of-the-1st-edition-of-the-national-forum-for-the-promotion-of-crafts-and-entrepreneurship-of-people-with-disabilities\/","name":"Launch of the 1st edition of the National Forum for the Promotion of Crafts and Entrepreneurship of People with Disabilities - HandiTalent","isPartOf":{"@id":"https:\/\/www.handitalents.com\/#website"},"primaryImageOfPage":{"@id":"https:\/\/www.handitalents.com\/launch-of-the-1st-edition-of-the-national-forum-for-the-promotion-of-crafts-and-entrepreneurship-of-people-with-disabilities\/#primaryimage"},"image":{"@id":"https:\/\/www.handitalents.com\/launch-of-the-1st-edition-of-the-national-forum-for-the-promotion-of-crafts-and-entrepreneurship-of-people-with-disabilities\/#primaryimage"},"thumbnailUrl":"https:\/\/www.handitalents.com\/wp-content\/uploads\/2025\/10\/489926862_122176814756288856_7971056651109438868_n-1-1536x1024-1.jpg","datePublished":"2025-06-07T10:39:50+00:00","dateModified":"2025-10-03T13:54:30+00:00","breadcrumb":{"@id":"https:\/\/www.handitalents.com\/launch-of-the-1st-edition-of-the-national-forum-for-the-promotion-of-crafts-and-entrepreneurship-of-people-with-disabilities\/#breadcrumb"},"inLanguage":"fr-FR","potentialAction":[{"@type":"ReadAction","target":["https:\/\/www.handitalents.com\/launch-of-the-1st-edition-of-the-national-forum-for-the-promotion-of-crafts-and-entrepreneurship-of-people-with-disabilities\/"]}]},{"@type":"ImageObject","inLanguage":"fr-FR","@id":"https:\/\/www.handitalents.com\/launch-of-the-1st-edition-of-the-national-forum-for-the-promotion-of-crafts-and-entrepreneurship-of-people-with-disabilities\/#primaryimage","url":"https:\/\/www.handitalents.com\/wp-content\/uploads\/2025\/10\/489926862_122176814756288856_7971056651109438868_n-1-1536x1024-1.jpg","contentUrl":"https:\/\/www.handitalents.com\/wp-content\/uploads\/2025\/10\/489926862_122176814756288856_7971056651109438868_n-1-1536x1024-1.jpg","width":1536,"height":1024},{"@type":"BreadcrumbList","@id":"https:\/\/www.handitalents.com\/launch-of-the-1st-edition-of-the-national-forum-for-the-promotion-of-crafts-and-entrepreneurship-of-people-with-disabilities\/#breadcrumb","itemListElement":[{"@type":"ListItem","position":1,"name":"Home","item":"https:\/\/www.handitalents.com\/"},{"@type":"ListItem","position":2,"name":"Launch of the 1st edition of the National Forum for the Promotion of Crafts and Entrepreneurship of People with Disabilities"}]},{"@type":"WebSite","@id":"https:\/\/www.handitalents.com\/#website","url":"https:\/\/www.handitalents.com\/","name":"HandiTalent","description":"","publisher":{"@id":"https:\/\/www.handitalents.com\/#organization"},"potentialAction":[{"@type":"SearchAction","target":{"@type":"EntryPoint","urlTemplate":"https:\/\/www.handitalents.com\/?s={search_term_string}"},"query-input":{"@type":"PropertyValueSpecification","valueRequired":true,"valueName":"search_term_string"}}],"inLanguage":"fr-FR"},{"@type":"Organization","@id":"https:\/\/www.handitalents.com\/#organization","name":"HandiTalent","url":"https:\/\/www.handitalents.com\/","logo":{"@type":"ImageObject","inLanguage":"fr-FR","@id":"https:\/\/www.handitalents.com\/#\/schema\/logo\/image\/","url":"https:\/\/www.handitalents.com\/wp-content\/uploads\/2026\/02\/cropped-cropped-handitalents-scaled-1-1.png","contentUrl":"https:\/\/www.handitalents.com\/wp-content\/uploads\/2026\/02\/cropped-cropped-handitalents-scaled-1-1.png","width":512,"height":287,"caption":"HandiTalent"},"image":{"@id":"https:\/\/www.handitalents.com\/#\/schema\/logo\/image\/"}},{"@type":"Person","@id":"https:\/\/www.handitalents.com\/#\/schema\/person\/efee422ae19c87d351898c361cb44221","name":"admin","image":{"@type":"ImageObject","inLanguage":"fr-FR","@id":"https:\/\/secure.gravatar.com\/avatar\/ae5d135a83d7bc2d9ad172107a72af2318ae12ad949141c89966fbb4f1e00eef?s=96&d=mm&r=g","url":"https:\/\/secure.gravatar.com\/avatar\/ae5d135a83d7bc2d9ad172107a72af2318ae12ad949141c89966fbb4f1e00eef?s=96&d=mm&r=g","contentUrl":"https:\/\/secure.gravatar.com\/avatar\/ae5d135a83d7bc2d9ad172107a72af2318ae12ad949141c89966fbb4f1e00eef?s=96&d=mm&r=g","caption":"admin"},"sameAs":["https:\/\/www.handitalents.com"],"url":"https:\/\/www.handitalents.com\/fr\/author\/admin\/"}]}},"_links":{"self":[{"href":"https:\/\/www.handitalents.com\/fr\/wp-json\/wp\/v2\/posts\/570","targetHints":{"allow":["GET"]}}],"collection":[{"href":"https:\/\/www.handitalents.com\/fr\/wp-json\/wp\/v2\/posts"}],"about":[{"href":"https:\/\/www.handitalents.com\/fr\/wp-json\/wp\/v2\/types\/post"}],"author":[{"embeddable":true,"href":"https:\/\/www.handitalents.com\/fr\/wp-json\/wp\/v2\/users\/1"}],"replies":[{"embeddable":true,"href":"https:\/\/www.handitalents.com\/fr\/wp-json\/wp\/v2\/comments?post=570"}],"version-history":[{"count":0,"href":"https:\/\/www.handitalents.com\/fr\/wp-json\/wp\/v2\/posts\/570\/revisions"}],"wp:featuredmedia":[{"embeddable":true,"href":"https:\/\/www.handitalents.com\/fr\/wp-json\/wp\/v2\/media\/494"}],"wp:attachment":[{"href":"https:\/\/www.handitalents.com\/fr\/wp-json\/wp\/v2\/media?parent=570"}],"wp:term":[{"taxonomy":"category","embeddable":true,"href":"https:\/\/www.handitalents.com\/fr\/wp-json\/wp\/v2\/categories?post=570"},{"taxonomy":"post_tag","embeddable":true,"href":"https:\/\/www.handitalents.com\/fr\/wp-json\/wp\/v2\/tags?post=570"}],"curies":[{"name":"wp","href":"https:\/\/api.w.org\/{rel}","templated":true}]}}